{"id":2410,"date":"2024-05-11T18:26:12","date_gmt":"2024-05-11T16:26:12","guid":{"rendered":"http:\/\/millaginaire.ch\/?p=2410"},"modified":"2024-07-03T08:21:32","modified_gmt":"2024-07-03T06:21:32","slug":"ca-vas-le-chalet-2024","status":"publish","type":"post","link":"https:\/\/millaginaire.ch\/?p=2410","title":{"rendered":"Ca va le chalet 2024"},"content":{"rendered":"\n<p>Hello tout le monde, le week-end au chalet approche, il aura lieu du 15 au 16 juin.<br>il est temps de faire les inscriptions.<br>Pour cela voici un sondage pour vous inscrire.<\/p>\n\n\n\n<p>Comme durant les derniers week-ends, pour les repas de midi, vous amenez votre viande ou autre \u00e0 griller et on s\u2019occupe des accompagnement, vous pouvez aussi amener un peu de vin.<\/p>\n\n\n\n<p>Pour le souper, la traditionnelle fondue, on s\u2019occupe de tout.<\/p>\n\n\n\n<p>Les tarifs sont indiqu\u00e9s dans le sondage.<\/p>\n\n\n\n<p>Merci de vous inscrire \u00e0 au moins une p\u00e9riode de vaisselle ou au nettoyage \u00e0 la fin du week-end<\/p>\n\n\n\n<p>D\u00e9lai d\u2019inscription, 09 juin<br><a href=\"https:\/\/framadate.org\/k5j9rzIyYNcbGeDe\">https:\/\/framadate.org\/k5j9rzIyYNcbGeDe<\/a><\/p>\n\n\n\n<figure class=\"wp-block-image size-large\"><img loading=\"lazy\" decoding=\"async\" width=\"1024\" height=\"579\" src=\"http:\/\/millaginaire.ch\/wp-content\/uploads\/2024\/05\/MG_8695-2-1024x579.jpg\" alt=\"\" class=\"wp-image-2411\" srcset=\"https:\/\/millaginaire.ch\/wp-content\/uploads\/2024\/05\/MG_8695-2-1024x579.jpg 1024w, https:\/\/millaginaire.ch\/wp-content\/uploads\/2024\/05\/MG_8695-2-300x170.jpg 300w, https:\/\/millaginaire.ch\/wp-content\/uploads\/2024\/05\/MG_8695-2-768x434.jpg 768w, https:\/\/millaginaire.ch\/wp-content\/uploads\/2024\/05\/MG_8695-2.jpg 1065w\" sizes=\"auto, (max-width: 1024px) 100vw, 1024px\" \/><\/figure>\n","protected":false},"excerpt":{"rendered":"<p>Hello tout le monde, le week-end au chalet approche, il aura lieu du 15 au 16 juin.il est temps de faire les inscriptions.Pour cela voici un sondage pour vous inscrire. Comme durant les derniers week-ends, pour les repas de midi, &hellip; <a href=\"https:\/\/millaginaire.ch\/?p=2410\">Continuer la lecture <span class=\"meta-nav\">&rarr;<\/span><\/a><\/p>\n","protected":false},"author":2,"featured_media":0,"comment_status":"closed","ping_status":"closed","sticky":false,"template":"","format":"standard","meta":{"_themeisle_gutenberg_block_has_review":false,"two_page_speed":[],"footnotes":""},"categories":[1],"tags":[],"class_list":["post-2410","post","type-post","status-publish","format-standard","hentry","category-uncategorized"],"_links":{"self":[{"href":"https:\/\/millaginaire.ch\/index.php?rest_route=\/wp\/v2\/posts\/2410","targetHints":{"allow":["GET"]}}],"collection":[{"href":"https:\/\/millaginaire.ch\/index.php?rest_route=\/wp\/v2\/posts"}],"about":[{"href":"https:\/\/millaginaire.ch\/index.php?rest_route=\/wp\/v2\/types\/post"}],"author":[{"embeddable":true,"href":"https:\/\/millaginaire.ch\/index.php?rest_route=\/wp\/v2\/users\/2"}],"replies":[{"embeddable":true,"href":"https:\/\/millaginaire.ch\/index.php?rest_route=%2Fwp%2Fv2%2Fcomments&post=2410"}],"version-history":[{"count":3,"href":"https:\/\/millaginaire.ch\/index.php?rest_route=\/wp\/v2\/posts\/2410\/revisions"}],"predecessor-version":[{"id":2417,"href":"https:\/\/millaginaire.ch\/index.php?rest_route=\/wp\/v2\/posts\/2410\/revisions\/2417"}],"wp:attachment":[{"href":"https:\/\/millaginaire.ch\/index.php?rest_route=%2Fwp%2Fv2%2Fmedia&parent=2410"}],"wp:term":[{"taxonomy":"category","embeddable":true,"href":"https:\/\/millaginaire.ch\/index.php?rest_route=%2Fwp%2Fv2%2Fcategories&post=2410"},{"taxonomy":"post_tag","embeddable":true,"href":"https:\/\/millaginaire.ch\/index.php?rest_route=%2Fwp%2Fv2%2Ftags&post=2410"}],"curies":[{"name":"wp","href":"https:\/\/api.w.org\/{rel}","templated":true}]}}