{"id":57,"date":"2017-11-23T21:50:16","date_gmt":"2017-11-23T20:50:16","guid":{"rendered":"http:\/\/millaginaire.ch\/?p=57"},"modified":"2018-03-03T17:15:21","modified_gmt":"2018-03-03T16:15:21","slug":"milla-demenage","status":"publish","type":"post","link":"https:\/\/millaginaire.ch\/?p=57","title":{"rendered":"Milla a d\u00e9m\u00e9nag\u00e9 en 2017"},"content":{"rendered":"<p><img loading=\"lazy\" decoding=\"async\" class=\"alignnone wp-image-58 \" src=\"http:\/\/millaginaire.ch\/wp-content\/uploads\/2017\/11\/Milla-demenage.png\" alt=\"\" width=\"351\" height=\"352\" srcset=\"https:\/\/millaginaire.ch\/wp-content\/uploads\/2017\/11\/Milla-demenage.png 698w, https:\/\/millaginaire.ch\/wp-content\/uploads\/2017\/11\/Milla-demenage-150x150.png 150w, https:\/\/millaginaire.ch\/wp-content\/uploads\/2017\/11\/Milla-demenage-300x300.png 300w\" sizes=\"auto, (max-width: 351px) 100vw, 351px\" \/><\/p>\n<p class=\"rtecenter\">depuis le samedi 26 ao\u00fbt nous sommes dans un local tout neuf \u00e0 :<\/p>\n<p class=\"rtecenter\">Av. L\u00e9opold-Robert 92<br \/>\n(<strong>entr\u00e9e par le garage en bas de la Rue de Pouillerel<\/strong>)<br \/>\ncliquez ici pour <a href=\"https:\/\/www.google.com\/maps\/place\/Avenue+L%C3%A9opold-Robert+92,+2300+La+Chaux-de-Fonds\/@47.098208,6.821377,17z\/data=!4m5!3m4!1s0x478dfb379fbf2f73:0x96bdfe00d07eb988!8m2!3d47.0979524!4d6.8214731?hl=fr-FR\" target=\"_blank\" rel=\"noopener\">NOUS TROUVER<\/a><\/p>\n","protected":false},"excerpt":{"rendered":"<p>depuis le samedi 26 ao\u00fbt nous sommes dans un local tout neuf \u00e0 : Av. L\u00e9opold-Robert 92 (entr\u00e9e par le garage en bas de la Rue de Pouillerel) cliquez ici pour NOUS TROUVER<\/p>\n","protected":false},"author":1,"featured_media":0,"comment_status":"closed","ping_status":"closed","sticky":false,"template":"","format":"standard","meta":{"_themeisle_gutenberg_block_has_review":false,"two_page_speed":[],"footnotes":""},"categories":[1],"tags":[],"class_list":["post-57","post","type-post","status-publish","format-standard","hentry","category-uncategorized"],"_links":{"self":[{"href":"https:\/\/millaginaire.ch\/index.php?rest_route=\/wp\/v2\/posts\/57","targetHints":{"allow":["GET"]}}],"collection":[{"href":"https:\/\/millaginaire.ch\/index.php?rest_route=\/wp\/v2\/posts"}],"about":[{"href":"https:\/\/millaginaire.ch\/index.php?rest_route=\/wp\/v2\/types\/post"}],"author":[{"embeddable":true,"href":"https:\/\/millaginaire.ch\/index.php?rest_route=\/wp\/v2\/users\/1"}],"replies":[{"embeddable":true,"href":"https:\/\/millaginaire.ch\/index.php?rest_route=%2Fwp%2Fv2%2Fcomments&post=57"}],"version-history":[{"count":7,"href":"https:\/\/millaginaire.ch\/index.php?rest_route=\/wp\/v2\/posts\/57\/revisions"}],"predecessor-version":[{"id":966,"href":"https:\/\/millaginaire.ch\/index.php?rest_route=\/wp\/v2\/posts\/57\/revisions\/966"}],"wp:attachment":[{"href":"https:\/\/millaginaire.ch\/index.php?rest_route=%2Fwp%2Fv2%2Fmedia&parent=57"}],"wp:term":[{"taxonomy":"category","embeddable":true,"href":"https:\/\/millaginaire.ch\/index.php?rest_route=%2Fwp%2Fv2%2Fcategories&post=57"},{"taxonomy":"post_tag","embeddable":true,"href":"https:\/\/millaginaire.ch\/index.php?rest_route=%2Fwp%2Fv2%2Ftags&post=57"}],"curies":[{"name":"wp","href":"https:\/\/api.w.org\/{rel}","templated":true}]}}